{"id":3085,"date":"2016-02-17T13:13:28","date_gmt":"2016-02-17T12:13:28","guid":{"rendered":"http:\/\/nazzarenomataldi.com\/?p=3085"},"modified":"2016-02-17T13:13:28","modified_gmt":"2016-02-17T12:13:28","slug":"se-la-testa-protesta","status":"publish","type":"post","link":"https:\/\/nazzarenomataldi.com\/blog\/2016\/02\/17\/se-la-testa-protesta\/","title":{"rendered":"Se la testa protesta"},"content":{"rendered":"<p>Poi alla fine succede: \u00e8 la testa che si rimette a protestare, e non soltanto il corpo. E protesta non perch\u00e9 sia troppo oberata: cio\u00e8, s\u00ec, ma solo nel modo sbagliato o a lei non pi\u00f9 congeniale.<\/p>\n<p>Se la testa protesta \u00e8 perch\u00e9 avverte di non essere utilizzata a dovere, in linea con le sue capacit\u00e0, con le attitudini che ha coltivato e sviluppato nel tempo; in linea con le energie che potrebbero di nuovo liberare quei muscoli cerebrali potenziati in anni di intenso allenamento e pratica alacre, se solo fossero finalmente messi nelle condizioni di tornare a lavorare come sanno e amano fare.<\/p>\n<p>Succede invece che, a differenza magari di tempi in cui era sollecitata troppo assiduamente e prolungatamente da carichi improbi e a volte ingrati, oggi la testa si ritrova spesso alla presa con compiti minimi o per meglio dire non gratificanti, non remunerativi anche solo da un punto di vista pecuniario. E questo non le va gi\u00f9.<\/p>\n<p>Per un po\u2019 si adegua la testa, per forza di cose, per quieto vivere, accontentandosi di piccole valvole di sfogo. Arriva per\u00f2 il momento che si impunta e torna a pretendere di pi\u00f9 e meglio, da chi la mette all\u2019opera e anche da s\u00e9.<\/p>\n<p>E sa essere tirannica la testa, quando \u00e8 cos\u00ec: vogliosa, esigente e tirannica. Non acconsenziente; non remissiva; non inerte; non silente.<\/p>\n","protected":false},"excerpt":{"rendered":"<p>Poi alla fine succede: \u00e8 la testa che si rimette a protestare, e non soltanto il corpo. E protesta non perch\u00e9 sia troppo oberata: cio\u00e8, s\u00ec, ma solo nel modo sbagliato o a lei non pi\u00f9 congeniale. Se la testa protesta \u00e8 perch\u00e9 avverte di non essere utilizzata a dovere, in linea con le sue capacit\u00e0, con le attitudini che ha coltivato e sviluppato nel tempo; in linea con le energie che potrebbero di nuovo liberare quei muscoli cerebrali potenziati in anni di intenso allenamento e pratica alacre, se solo fossero finalmente messi nelle condizioni di tornare a lavorare come [&#8230;]<\/p>\n","protected":false},"author":1,"featured_media":0,"comment_status":"closed","ping_status":"closed","sticky":false,"template":"","format":"standard","meta":{"advanced_seo_description":"","jetpack_seo_html_title":"","jetpack_seo_noindex":false,"_jetpack_newsletter_access":"","_jetpack_dont_email_post_to_subs":false,"_jetpack_newsletter_tier_id":0,"_jetpack_memberships_contains_paywalled_content":false,"_jetpack_memberships_contains_paid_content":false,"footnotes":""},"categories":[27,13],"tags":[35,39,523],"class_list":["post-3085","post","type-post","status-publish","format-standard","hentry","category-nugae","category-pensieri","tag-corpo","tag-mente","tag-testa"],"jetpack_featured_media_url":"","jetpack_likes_enabled":true,"jetpack_sharing_enabled":true,"jetpack-related-posts":[],"jetpack_shortlink":"https:\/\/wp.me\/pgPIz4-NL","_links":{"self":[{"href":"https:\/\/nazzarenomataldi.com\/blog\/wp-json\/wp\/v2\/posts\/3085","targetHints":{"allow":["GET"]}}],"collection":[{"href":"https:\/\/nazzarenomataldi.com\/blog\/wp-json\/wp\/v2\/posts"}],"about":[{"href":"https:\/\/nazzarenomataldi.com\/blog\/wp-json\/wp\/v2\/types\/post"}],"author":[{"embeddable":true,"href":"https:\/\/nazzarenomataldi.com\/blog\/wp-json\/wp\/v2\/users\/1"}],"replies":[{"embeddable":true,"href":"https:\/\/nazzarenomataldi.com\/blog\/wp-json\/wp\/v2\/comments?post=3085"}],"version-history":[{"count":0,"href":"https:\/\/nazzarenomataldi.com\/blog\/wp-json\/wp\/v2\/posts\/3085\/revisions"}],"wp:attachment":[{"href":"https:\/\/nazzarenomataldi.com\/blog\/wp-json\/wp\/v2\/media?parent=3085"}],"wp:term":[{"taxonomy":"category","embeddable":true,"href":"https:\/\/nazzarenomataldi.com\/blog\/wp-json\/wp\/v2\/categories?post=3085"},{"taxonomy":"post_tag","embeddable":true,"href":"https:\/\/nazzarenomataldi.com\/blog\/wp-json\/wp\/v2\/tags?post=3085"}],"curies":[{"name":"wp","href":"https:\/\/api.w.org\/{rel}","templated":true}]}}