{"id":847,"date":"2014-09-12T09:51:37","date_gmt":"2014-09-12T07:51:37","guid":{"rendered":"http:\/\/maculae.wordpress.com\/?p=847"},"modified":"2025-09-28T20:33:35","modified_gmt":"2025-09-28T18:33:35","slug":"la-fine-dellestate","status":"publish","type":"post","link":"https:\/\/nazzarenomataldi.com\/blog\/2014\/09\/12\/la-fine-dellestate\/","title":{"rendered":"La fine dell\u2019estate"},"content":{"rendered":"<p>\u201cAnche a te fa male la fine dell\u2019estate\u201d dice. \u201cTi incupisce. Ti inasprisce. Ti rinchiude ancora di pi\u00f9 in te stesso, quando invece ti farebbe molto meglio continuare a interagire, anche solo online, e dialogare.\u201d<\/p>\n<p>\u201cSar\u00e0\u2026\u201d rispondi laconico.<\/p>\n<p>Fra di te pensi in realt\u00e0 che ti faccia bene: l\u2019avvicinarsi dell\u2019autunno poco a poco ti risveglia, ti scuote da un protratto torpore vitale, mentale e intellettuale, facendoti quanto pi\u00f9 tornare in te. Forse ti estremizza, ti rende pi\u00f9 drastico e alle volte anche piuttosto intollerante nei confronti di ci\u00f2 \u2013 cose, atteggiamenti e anche persone \u2013 che mal digerisci. Ma evidentemente \u00e8 cos\u00ec che sei nella tua vera natura.<\/p>\n<p>E non \u00e8 che sforzarsi di smussare le proprie spigolosit\u00e0 per andare meglio incontro agli altri dia sempre buoni risultati.<\/p>\n<p>Tanto vale, allora, essere fino in fondo se stessi e senza tanti senza di colpa.<\/p>\n<p>Tanto vale, allora, dire che non riusciamo pi\u00f9 a concentrarci su ci\u00f2 che conta o che, se solo tornassimo a ragionare un po\u2019 pi\u00f9 a modo, dovrebbe contare veramente.<\/p>\n<p>Troppa frenesia in ci\u00f2 che facciamo. Troppa poca calma. Troppa poca ponderazione. E, spesso, anche troppa sufficienza.<\/p>\n<p>Troppo incapaci di rallentare e cos\u00ec ascoltare i nostri veri battiti e anche quelli del mondo intorno a noi, corriamo da una parte all\u2019altra senza criterio, senza una m\u00e8ta, e immancabilmente ci perdiamo.<\/p>\n<p>Ci perdiamo \u2013 e perdiamo.<\/p>\n<p>E non che non si possa e non si debba anche correre \u2013 correre \u00e8 anzi uno dei gesti pi\u00f9 naturali che ci siano, subito dopo il camminare \u2013 ma non nel senso di andare genericamente di qua e di l\u00e0 perch\u00e9 aborriamo l\u2019idea di stare un po\u2019 pi\u00f9 fermi e rilassati e concentrati. L\u2019idea che anche se non corriamo dietro a tutto ci\u00f2 che si muove forse non ci perdiamo granch\u00e9.<\/p>\n<p>E invece\u2026 Invece il meglio che riusciamo a cogliere dalla vita e dal mondo forse \u00e8 proprio quando ci prendiamo <a href=\"http:\/\/www.nazzarenomataldi.com\/blog\/2014\/03\/29\/prendersi-il-proprio-tempo\/\">tutto il tempo che ci serve<\/a> per capire e per fare e per godere sul serio di qualcosa.<\/p>\n<p>Sembrano sciocchezze, ma oggi bisogna ricordarsele ogni giorno, ogni ora, quasi ogni minuto, per come, viceversa, con frequenza impressionante facciamo di tutto per andare nell\u2019esatta direzione contraria.<\/p>\n","protected":false},"excerpt":{"rendered":"<p>\u201cAnche a te fa male la fine dell\u2019estate\u201d dice. \u201cTi incupisce. Ti inasprisce. Ti rinchiude ancora di pi\u00f9 in te stesso, quando invece ti farebbe molto meglio continuare a interagire, anche solo online, e dialogare.\u201d \u201cSar\u00e0\u2026\u201d rispondi laconico. Fra di te pensi in realt\u00e0 che ti faccia bene: l\u2019avvicinarsi dell\u2019autunno poco a poco ti risveglia, ti scuote da un protratto torpore vitale, mentale e intellettuale, facendoti quanto pi\u00f9 tornare in te. Forse ti estremizza, ti rende pi\u00f9 drastico e alle volte anche piuttosto intollerante nei confronti di ci\u00f2 \u2013 cose, atteggiamenti e anche persone \u2013 che mal digerisci. Ma evidentemente [&#8230;]<\/p>\n","protected":false},"author":1,"featured_media":0,"comment_status":"closed","ping_status":"closed","sticky":false,"template":"","format":"standard","meta":{"advanced_seo_description":"","jetpack_seo_html_title":"","jetpack_seo_noindex":false,"_jetpack_newsletter_access":"","_jetpack_dont_email_post_to_subs":false,"_jetpack_newsletter_tier_id":0,"_jetpack_memberships_contains_paywalled_content":false,"_jetpack_memberships_contains_paid_content":false,"footnotes":""},"categories":[27,13],"tags":[14],"class_list":["post-847","post","type-post","status-publish","format-standard","hentry","category-nugae","category-pensieri","tag-questo-e-quello"],"jetpack_featured_media_url":"","jetpack_likes_enabled":true,"jetpack_sharing_enabled":true,"jetpack-related-posts":[],"jetpack_shortlink":"https:\/\/wp.me\/pgPIz4-dF","_links":{"self":[{"href":"https:\/\/nazzarenomataldi.com\/blog\/wp-json\/wp\/v2\/posts\/847","targetHints":{"allow":["GET"]}}],"collection":[{"href":"https:\/\/nazzarenomataldi.com\/blog\/wp-json\/wp\/v2\/posts"}],"about":[{"href":"https:\/\/nazzarenomataldi.com\/blog\/wp-json\/wp\/v2\/types\/post"}],"author":[{"embeddable":true,"href":"https:\/\/nazzarenomataldi.com\/blog\/wp-json\/wp\/v2\/users\/1"}],"replies":[{"embeddable":true,"href":"https:\/\/nazzarenomataldi.com\/blog\/wp-json\/wp\/v2\/comments?post=847"}],"version-history":[{"count":0,"href":"https:\/\/nazzarenomataldi.com\/blog\/wp-json\/wp\/v2\/posts\/847\/revisions"}],"wp:attachment":[{"href":"https:\/\/nazzarenomataldi.com\/blog\/wp-json\/wp\/v2\/media?parent=847"}],"wp:term":[{"taxonomy":"category","embeddable":true,"href":"https:\/\/nazzarenomataldi.com\/blog\/wp-json\/wp\/v2\/categories?post=847"},{"taxonomy":"post_tag","embeddable":true,"href":"https:\/\/nazzarenomataldi.com\/blog\/wp-json\/wp\/v2\/tags?post=847"}],"curies":[{"name":"wp","href":"https:\/\/api.w.org\/{rel}","templated":true}]}}